{"id":2619,"date":"2018-04-03T06:25:00","date_gmt":"2018-04-03T06:25:00","guid":{"rendered":"https:\/\/vaskafonds.lv\/2018\/2018-4-3-69jn9zap88l3d5fqk3t4pms5zpndwh\/"},"modified":"2024-08-08T10:31:11","modified_gmt":"2024-08-08T08:31:11","slug":"2018-4-3-69jn9zap88l3d5fqk3t4pms5zpndwh","status":"publish","type":"post","link":"https:\/\/vaskafonds.lv\/en\/2018\/2018-4-3-69jn9zap88l3d5fqk3t4pms5zpndwh\/","title":{"rendered":"C\u0113s\u012bs notiks jauns festiv\u0101ls &#8220;P\u0113tera Vaska m\u016bzikas apr\u012blis&#8221;"},"content":{"rendered":"<div class=\"\n          image-block-outer-wrapper\n          layout-caption-hidden\n          design-layout-inline\n          \n          \n          \n        \" data-test=\"image-block-inline-outer-wrapper\"><\/p>\n<figure class=\"\n              sqs-block-image-figure\n              intrinsic\n            \" style=\"max-width:858px\"><\/p>\n<div class=\"image-block-wrapper\" data-animation-role=\"image\" data-animation-override>\n<div class=\"sqs-image-shape-container-element\n              \n          \n        \n              has-aspect-ratio\n            \" style=\"position: relative;padding-bottom:38.811187744140625%;overflow: hidden\"><\/p>\n<p>                <img loading=\"lazy\" decoding=\"async\" data-stretch=\"false\" src=\"https:\/\/vaskafonds.lv\/wp-content\/uploads\/sites\/3\/2024\/08\/45418706.jpg\" data-image=\"https:\/\/vaskafonds.lv\/wp-content\/uploads\/sites\/3\/2024\/08\/45418706.jpg\" data-image-dimensions=\"858x333\" data-image-focal-point=\"0.5,0.5\" alt=\"45418706.jpg\" data-load=\"false\" width=\"858\" height=\"333\" style=\"object-fit: cover;width: 100%;height: 100%;object-position: 50% 50%\" loading=\"lazy\" data-loader=\"sqs\"><\/p><\/div>\n<\/p><\/div>\n<\/figure><\/div>\n<div class=\"sqs-html-content\">\n<p><a target=\"_blank\" href=\"https:\/\/www.lsm.lv\/raksts\/kultura\/muzika\/cesis-notiks-jauns-festivals-petera-vaska-muzikas-aprilis.a266391\/\" rel=\"noopener nofollow\">https:\/\/www.lsm.lv\/raksts\/kultura\/muzika\/cesis-notiks-jauns-festivals-petera-vaska-muzikas-aprilis.a266391\/<\/a><\/p>\n<p>Sav&#257; ceturtaj&#257; sezon&#257; koncertz&#257;le &ldquo;C&#275;sis&rdquo; aizs&#257;k jaunu festiv&#257;lu, kas velt&#299;ts izcil&#257; latvie&scaron;u komponista P&#275;tera Vaska rad&#299;tajai m&#363;zikai, par ko &scaron;odien sasauktaj&#257; preses konferenc&#275; inform&#275;ja koncertz&#257;les p&#257;rst&#257;vji. Atkl&#257;jot da&#382;&#257;d&#257;s Vaska dai&#316;rades &scaron;&#311;autnes, klaus&#299;t&#257;ji aicin&#257;ti uz tr&#299;s koncertiem &ndash; 7. apr&#299;l&#299; skan&#275;s Vaska sarakst&#299;t&#257; instrument&#257;l&#257; kamerm&#363;zika, 12. apr&#299;l&#299; &ndash; korm&#363;zika, bet festiv&#257;lu vainagos simfonisk&#257;s m&#363;zikas koncerts 28. apr&#299;l&#299;.<\/p>\n<p>P&#275;tera Vaska m&#363;zika koncertz&#257;les &ldquo;C&#275;sis&rdquo; veidotaj&#257;s programm&#257;s skan&#275;jusi bie&#382;i, un t&#257; &scaron;ai z&#257;lei &#316;oti piest&#257;v. P&#275;teris ir dabas, ne bru&#291;a cilv&#275;ks. Vi&#326;&scaron; m&#257;k priec&#257;ties par visiem gadalaikiem, bet pavasara atgrie&scaron;an&#257;s br&#299;numu svin &#299;pa&scaron;i. Komponists dzimis 16. apr&#299;l&#299;, un vi&#326;a m&#363;zikas pirmais festiv&#257;ls norit &#299;si pirms un neilgi p&#275;c &scaron;&#299; datuma.<\/p>\n<p>&ldquo;P&#275;teris Vasks ir visvair&#257;k atska&#326;otais latvie&scaron;u komponists &#257;rvalst&#299;s. Vi&#326;a rad&#299;t&#257; m&#363;zika skan liel&#257;kaj&#257;s koncertz&#257;l&#275;s, lab&#257;ko m&#363;zi&#311;u izpild&#299;jum&#257; vis&#257; pasaul&#275;. M&#275;s v&#275;lamies, lai Latvij&#257; par Vaska m&#363;zikas m&#257;jvietu k&#316;&#363;tu koncertz&#257;le &ldquo;C&#275;sis&rdquo;, un vi&#326;a m&#363;zikas cien&#299;t&#257;ji ik gadu apr&#299;l&#299; var pulc&#275;ties &scaron;eit, lai atkal un atkal baud&#299;to p&#257;rpasaul&#299;go ska&#326;darbu burv&#299;bu. Pirm&#257; festiv&#257;la koncertos skan&#275;s tikai un vien&#299;gi P&#275;tera Vaska m&#363;zika. Turpm&#257;kaj&#257;s programm&#257;s iecer&#275;ts iek&#316;aut ar&#299; Vaskam radniec&#299;gu un noz&#299;m&#299;gu komponistu ska&#326;darbus,&rdquo; festiv&#257;la ideju atkl&#257;j koncertz&#257;les &ldquo;C&#275;sis&rdquo; m&#257;ksliniecisk&#257; vad&#299;t&#257;ja Inese Zagorska.<\/p>\n<p>Pirm&#257; festiv&#257;la &ldquo;P&#275;tera Vaska m&#363;zikas apr&#299;lis&rdquo; koncertprogramm&#257;s iek&#316;auti sen&#257;k rakst&#299;ti popul&#257;ri P&#275;tera Vaska darbi un jaun&#257;ku laiku kompoz&#299;cijas. Te p&#257;rst&#257;v&#275;ti visi komponista dai&#316;rades posmi, un festiv&#257;la laik&#257; ar mums caur m&#363;ziku sarun&#257;sies gan savulaik apbr&#299;notais jauneklis br&#299;vdom&#257;t&#257;js, gan tas briedu&scaron;ais v&#299;rs, kur&scaron;, jau palielus gadskait&#316;us nesdams, joproj&#257;m ir mundrs un spar&#299;gs, pret pasauli dzird&#299;gs, pret m&#363;ziku bij&#299;gs.<\/p>\n<p>&ldquo;Satraukum&#257; un nepaciet&#299;b&#257; gaidu m&#363;su satik&scaron;anos! Latvija man ir m&#299;&#316;a, bet ir da&#382;as vietas, kas ir &#299;pa&scaron;i tuvas, un viena no t&#257;d&#257;m ir C&#275;sis. Tepat net&#257;lu &#8211; &#310;empju pagast&#257;, ir manas m&#257;tes dzimt&#257; vieta, bet Amatciem&#257; jau vair&#257;kus gadus izdz&#299;voju skaist&#257;s vasaras un bie&#382;i varu baud&#299;t augstv&#275;rt&#299;gus koncertus C&#275;su koncertz&#257;l&#275;. Un pied&#257;v&#257;jums sadarb&#299;bai, veidojot jaunu festiv&#257;lu, mani &#316;oti iepriecin&#257;ja. Kuram komponistam gan nepat&#299;k, ja vi&#326;a m&#363;ziku atska&#326;o. M&#363;ziku m&#275;s rad&#257;m klaus&#299;t&#257;jam, un, ja t&#257; netiek sp&#275;l&#275;ta, tad ir mirusi. Tai j&#257;skan, tai j&#257;b&#363;t iesp&#275;jai uzrun&#257;t klaus&#299;t&#257;jus. Mans galvenais iedvesmas avots vienm&#275;r ir bijusi m&#363;su zeme, tauta, ar&#299; t&#257;s v&#275;sture. Priec&#257;&scaron;os, ja man&#257; m&#299;lest&#299;b&#257; un tic&#299;b&#257; rad&#299;tie ska&#326;darbi uzrun&#257;s ar&#299; j&#363;s,&rdquo; teica komponists P&#275;teris Vasks.<\/p>\n<p>Festiv&#257;la programmu veidojis pats komponists. Vi&#326;&scaron; b&#363;s kl&#257;teso&scaron;s ar&#299; visos koncertos, un klaus&#299;t&#257;jiem b&#363;s iesp&#275;ja P&#275;teri Vasku sastapt, ar vi&#326;u run&#257;t pirmskoncerta sarun&#257;s.<\/p>\n<p>Koncertos skan&#275;s 70. gadu vid&#363; tapus&#299; stalt&#257; kordziesma &ldquo;M&#257;te Saule&rdquo; un nosl&#275;pumainais hepenings &ldquo;Tr&#299;s skatieni&rdquo;, b&#363;s 80. gadu trak&#257; &ldquo;Z&#299;les zi&#326;a&rdquo; un emocion&#257;li aizraujo&scaron;ais trio &#8220;Episodi a canto perpetuo&#8221;, b&#363;s 90. gadu &scaron;edevri &ldquo;M&#363;su T&#275;vs&rdquo;, &#8220;Dona nobis pacem&#8221; un Gidonam Kr&#275;meram rakst&#299;tais Vijolkoncerts &ldquo;T&#257;l&#257; gaisma&rdquo;, ko festiv&#257;l&#257; sp&#275;l&#275;s Zviedrij&#257; dz&#299;vojo&scaron;ais britu vijolnieks Hugo Ti&#269;ati, kas labi zina Vaska darbus. Baud&#299;sim dabasskatus ar &ldquo;L&#299;dzenuma ainav&#257;m&rdquo; gan klaviertrio, gan kora versij&#257;, b&#363;s ar&#299; &ldquo;Za&#316;&#257; ainava&rdquo; un M&#257;tes Ter&#275;zes godin&#257;jums.<\/p>\n<p>Festiv&#257;lu vainagos P&#275;tera Vaska ska&#326;darbi st&#299;gu or&#311;estrim, ko klaus&#299;simies &#8220;Sinfonietta R&#299;ga&#8221; un P&#275;tera Vaska, iesp&#275;jams, gar&#299;gi tuv&#257;k&#257; domubiedra, somu diri&#291;enta Juhas Kangasa las&#299;jum&#257;. Valsts kameror&#311;estris un Juha Kangass atska&#326;os Vijolkoncertu un simfoniju &ldquo;Balsis&rdquo;.<\/p>\n<p>Instrument&#257;l&#257;s kamerm&#363;zikas programmu festiv&#257;l&#257; atska&#326;os koncertz&#257;les &ldquo;C&#275;sis&rdquo; 2018. gada rezid&#275;jo&scaron;ais ansamblis &#8220;Trio Palladio&#8221;, kur&#257; sp&#275;l&#275; tr&#299;s Liel&#257;s m&#363;zikas balvas laure&#257;ti &ndash; vijolniece Eva Bindere, &#269;elliste Krist&#299;ne Blaumane un pianists Reinis Zari&#326;&scaron;.<\/p>\n<p>Savuk&#257;rt korm&#363;zikas koncert&#257; klaus&#299;simies daudz&#257;m starptautisk&#257;m konkursu uzvar&#257;m v&#299;to jaunie&scaron;u kori &ldquo;Kam&#275;r&#8230;&rdquo;, kas sava vado&#326;a J&#257;&#326;a Liepi&#326;a vad&#299;b&#257; muzic&#275;s kop&#257; ar P&#275;tera Vaska m&#363;zikas atska&#326;o&scaron;an&#257; r&#363;d&#299;to Sp&#299;&#311;eru kvartetu.<\/p>\n<\/div>\n","protected":false},"excerpt":{"rendered":"<p>https:\/\/www.lsm.lv\/raksts\/kultura\/muzika\/cesis-notiks-jauns-festivals-petera-vaska-muzikas-aprilis.a266391\/ Sav&#257; ceturtaj&#257; sezon&#257; koncertz&#257;le &ldquo;C&#275;sis&rdquo; aizs&#257;k jaunu festiv&#257;lu, kas velt&#299;ts izcil&#257; latvie&scaron;u komponista P&#275;tera Vaska rad&#299;tajai m&#363;zikai, par ko &scaron;odien sasauktaj&#257; preses konferenc&#275; inform&#275;ja koncertz&#257;les p&#257;rst&#257;vji. Atkl&#257;jot da&#382;&#257;d&#257;s Vaska dai&#316;rades &scaron;&#311;autnes, klaus&#299;t&#257;ji aicin&#257;ti uz tr&#299;s koncertiem &ndash; 7. apr&#299;l&#299; skan&#275;s Vaska sarakst&#299;t&#257; instrument&#257;l&#257; kamerm&#363;zika, 12. apr&#299;l&#299; &ndash; korm&#363;zika, bet festiv&#257;lu vainagos simfonisk&#257;s m&#363;zikas koncerts 28. apr&#299;l&#299;. P&#275;tera Vaska m&#363;zika koncertz&#257;les &ldquo;C&#275;sis&rdquo; veidotaj&#257;s programm&#257;s skan&#275;jusi bie&#382;i, un t&#257; &scaron;ai z&#257;lei &#316;oti piest&#257;v. P&#275;teris ir dabas, ne bru&#291;a cilv&#275;ks. Vi&#326;&scaron; m&#257;k priec&#257;ties par visiem gadalaikiem, bet pavasara atgrie&scaron;an&#257;s br&#299;numu svin &#299;pa&scaron;i. Komponists dzimis 16. apr&#299;l&#299;, un vi&#326;a m&#363;zikas pirmais festiv&#257;ls norit [&#8230;] <span><a class=\"moretag\" href=\"https:\/\/vaskafonds.lv\/en\/2018\/2018-4-3-69jn9zap88l3d5fqk3t4pms5zpndwh\/\"> Las\u012bt vair\u0101k<\/a><\/span><\/p>\n","protected":false},"author":4,"featured_media":0,"comment_status":"closed","ping_status":"open","sticky":false,"template":"","format":"standard","meta":{"_acf_changed":false,"footnotes":""},"categories":[1],"tags":[],"class_list":["post-2619","post","type-post","status-publish","format-standard","hentry","category-aktualitates"],"acf":[],"_links":{"self":[{"href":"https:\/\/vaskafonds.lv\/en\/wp-json\/wp\/v2\/posts\/2619"}],"collection":[{"href":"https:\/\/vaskafonds.lv\/en\/wp-json\/wp\/v2\/posts"}],"about":[{"href":"https:\/\/vaskafonds.lv\/en\/wp-json\/wp\/v2\/types\/post"}],"author":[{"embeddable":true,"href":"https:\/\/vaskafonds.lv\/en\/wp-json\/wp\/v2\/users\/4"}],"replies":[{"embeddable":true,"href":"https:\/\/vaskafonds.lv\/en\/wp-json\/wp\/v2\/comments?post=2619"}],"version-history":[{"count":2,"href":"https:\/\/vaskafonds.lv\/en\/wp-json\/wp\/v2\/posts\/2619\/revisions"}],"predecessor-version":[{"id":2873,"href":"https:\/\/vaskafonds.lv\/en\/wp-json\/wp\/v2\/posts\/2619\/revisions\/2873"}],"wp:attachment":[{"href":"https:\/\/vaskafonds.lv\/en\/wp-json\/wp\/v2\/media?parent=2619"}],"wp:term":[{"taxonomy":"category","embeddable":true,"href":"https:\/\/vaskafonds.lv\/en\/wp-json\/wp\/v2\/categories?post=2619"},{"taxonomy":"post_tag","embeddable":true,"href":"https:\/\/vaskafonds.lv\/en\/wp-json\/wp\/v2\/tags?post=2619"}],"curies":[{"name":"wp","href":"https:\/\/api.w.org\/{rel}","templated":true}]}}